{"id":17528,"date":"2018-06-09T17:00:00","date_gmt":"2018-06-09T15:00:00","guid":{"rendered":"https:\/\/www.wo-ho.at\/borg\/?p=17528"},"modified":"2021-02-16T17:02:09","modified_gmt":"2021-02-16T16:02:09","slug":"gewinner-des-dr-hans-riegel-fachpreises","status":"publish","type":"post","link":"https:\/\/www.wo-ho.at\/borg\/2018\/06\/gewinner-des-dr-hans-riegel-fachpreises\/","title":{"rendered":"Gewinner des Dr. Hans Riegel-Fachpreises"},"content":{"rendered":"\t\t<div data-elementor-type=\"wp-post\" data-elementor-id=\"17528\" class=\"elementor elementor-17528\" data-elementor-settings=\"[]\">\n\t\t\t\t\t\t\t<div class=\"elementor-section-wrap\">\n\t\t\t\t\t\t\t<section class=\"elementor-section elementor-top-section elementor-element elementor-element-f29d4c1 elementor-section-boxed elementor-section-height-default elementor-section-height-default\" data-id=\"f29d4c1\" data-element_type=\"section\">\n\t\t\t\t\t\t<div class=\"elementor-container elementor-column-gap-default\">\n\t\t\t\t\t<div class=\"elementor-column elementor-col-50 elementor-top-column elementor-element elementor-element-cd10b20\" data-id=\"cd10b20\" data-element_type=\"column\">\n\t\t\t<div class=\"elementor-widget-wrap elementor-element-populated\">\n\t\t\t\t\t\t\t\t<div class=\"elementor-element elementor-element-5d690fe elementor-widget elementor-widget-text-editor\" data-id=\"5d690fe\" data-element_type=\"widget\" data-widget_type=\"text-editor.default\">\n\t\t\t\t<div class=\"elementor-widget-container\">\n\t\t\t\t\t<div class=\"elementor-text-editor elementor-clearfix\"><p><strong>Jonas Feilmayr \u2013 Gewinner des Dr. Hans Riegel-Fachpreises der Kaiserschild- Stiftung und der JKU<\/strong><\/p><p>Am 4.Juni wurde unser Jonas aus der 8B im Rahmen einer Feier an der JKU mit dem 1.Preis der Kaiserschild-Stiftung f\u00fcr seine hervorragende VWA zum Thema \u201eMenschliche Einfl\u00fcsse auf Flie\u00dfgew\u00e4sser am Beispiel der Steinernen M\u00fchl\u201c ausgezeichnet. Eine wissenschaftliche Jury pr\u00fcfte seine Arbeit, die in einer Laudatio als \u201enicht vorwissenschaftlich sondern tats\u00e4chlich wissenschaftlich\u201c bezeichnet wurde. Man sp\u00fcre deutlich, mit welcher Begeisterung und mit welchem Engagement Jonas gearbeitet habe, so der Universit\u00e4ts-Professor, der seine VWA begutachtete.<\/p><p>Herzlichen Gl\u00fcckwunsch, lieber Jonas! Wir freuen uns aus ganzem Herzen mit Dir \u00fcber diese Auszeichnung und \u00fcber Deine hervorragende Leistung.<\/p><\/div>\n\t\t\t\t<\/div>\n\t\t\t\t<\/div>\n\t\t\t\t\t<\/div>\n\t\t<\/div>\n\t\t\t\t<div class=\"elementor-column elementor-col-50 elementor-top-column elementor-element elementor-element-660c5eb\" data-id=\"660c5eb\" data-element_type=\"column\">\n\t\t\t<div class=\"elementor-widget-wrap elementor-element-populated\">\n\t\t\t\t\t\t\t\t<div class=\"elementor-element elementor-element-33fc9a1 elementor-widget elementor-widget-image\" data-id=\"33fc9a1\" data-element_type=\"widget\" data-widget_type=\"image.default\">\n\t\t\t\t<div class=\"elementor-widget-container\">\n\t\t\t\t\t<div class=\"elementor-image\">\n\t\t\t\t\t\t\t\t\t\t\t<a href=\"https:\/\/www.wo-ho.at\/borg\/wp-content\/uploads\/2018\/06\/jonas.jpg\" data-elementor-open-lightbox=\"yes\" data-elementor-lightbox-title=\"jonas\">\n\t\t\t\t\t\t\t<img loading=\"lazy\" decoding=\"async\" width=\"681\" height=\"1000\" src=\"https:\/\/www.wo-ho.at\/borg\/wp-content\/uploads\/2018\/06\/jonas.jpg\" class=\"attachment-large size-large\" alt=\"\" srcset=\"https:\/\/www.wo-ho.at\/borg\/wp-content\/uploads\/2018\/06\/jonas.jpg 681w, https:\/\/www.wo-ho.at\/borg\/wp-content\/uploads\/2018\/06\/jonas-204x300.jpg 204w\" sizes=\"auto, (max-width: 681px) 100vw, 681px\" \/>\t\t\t\t\t\t\t\t<\/a>\n\t\t\t\t\t\t\t\t\t\t\t<\/div>\n\t\t\t\t<\/div>\n\t\t\t\t<\/div>\n\t\t\t\t\t<\/div>\n\t\t<\/div>\n\t\t\t\t\t\t\t<\/div>\n\t\t<\/section>\n\t\t\t\t\t\t<\/div>\n\t\t\t\t\t<\/div>\n\t\t","protected":false},"excerpt":{"rendered":"<p>Jonas Feilmayr \u2013 Gewinner des Dr. Hans Riegel-Fachpreises der Kaiserschild- Stiftung und der JKU Am 4.Juni wurde unser Jonas aus der 8B im Rahmen einer Feier an der JKU mit dem 1.Preis der Kaiserschild-Stiftung f\u00fcr seine hervorragende VWA zum Thema \u201eMenschliche Einfl\u00fcsse auf Flie\u00dfgew\u00e4sser am Beispiel der Steinernen M\u00fchl\u201c ausgezeichnet. Eine wissenschaftliche Jury pr\u00fcfte seine Arbeit, die in einer Laudatio als \u201enicht vorwissenschaftlich sondern tats\u00e4chlich wissenschaftlich\u201c bezeichnet wurde. Man sp\u00fcre deutlich, mit welcher Begeisterung und mit welchem Engagement Jonas gearbeitet habe, so der Universit\u00e4ts-Professor, der seine VWA begutachtete. Herzlichen Gl\u00fcckwunsch, lieber Jonas! Wir freuen uns aus ganzem Herzen mit Dir \u00fcber diese Auszeichnung und \u00fcber Deine hervorragende Leistung.<\/p>\n","protected":false},"author":17,"featured_media":17529,"comment_status":"closed","ping_status":"open","sticky":false,"template":"","format":"standard","meta":{"footnotes":""},"categories":[1,3],"tags":[],"class_list":["post-17528","post","type-post","status-publish","format-standard","has-post-thumbnail","hentry","category-allgemein","category-news"],"_links":{"self":[{"href":"https:\/\/www.wo-ho.at\/borg\/wp-json\/wp\/v2\/posts\/17528","targetHints":{"allow":["GET"]}}],"collection":[{"href":"https:\/\/www.wo-ho.at\/borg\/wp-json\/wp\/v2\/posts"}],"about":[{"href":"https:\/\/www.wo-ho.at\/borg\/wp-json\/wp\/v2\/types\/post"}],"author":[{"embeddable":true,"href":"https:\/\/www.wo-ho.at\/borg\/wp-json\/wp\/v2\/users\/17"}],"replies":[{"embeddable":true,"href":"https:\/\/www.wo-ho.at\/borg\/wp-json\/wp\/v2\/comments?post=17528"}],"version-history":[{"count":4,"href":"https:\/\/www.wo-ho.at\/borg\/wp-json\/wp\/v2\/posts\/17528\/revisions"}],"predecessor-version":[{"id":17534,"href":"https:\/\/www.wo-ho.at\/borg\/wp-json\/wp\/v2\/posts\/17528\/revisions\/17534"}],"wp:featuredmedia":[{"embeddable":true,"href":"https:\/\/www.wo-ho.at\/borg\/wp-json\/wp\/v2\/media\/17529"}],"wp:attachment":[{"href":"https:\/\/www.wo-ho.at\/borg\/wp-json\/wp\/v2\/media?parent=17528"}],"wp:term":[{"taxonomy":"category","embeddable":true,"href":"https:\/\/www.wo-ho.at\/borg\/wp-json\/wp\/v2\/categories?post=17528"},{"taxonomy":"post_tag","embeddable":true,"href":"https:\/\/www.wo-ho.at\/borg\/wp-json\/wp\/v2\/tags?post=17528"}],"curies":[{"name":"wp","href":"https:\/\/api.w.org\/{rel}","templated":true}]}}